[{"@context":"https:\/\/schema.org\/","@type":"Article","@id":"https:\/\/www.zemzah.cz\/at-ziji-dekorace\/#Article","mainEntityOfPage":"https:\/\/www.zemzah.cz\/at-ziji-dekorace\/","headline":"A\u0165 \u017eij\u00ed dekorace.","name":"A\u0165 \u017eij\u00ed dekorace.","description":"Kdy\u017e m\u00e1te p\u011bkn\u011b ud\u011blanou terasu je a\u017e h\u0159\u00edch na n\u00ed nem\u00edt p\u0159es letn\u00ed dny n\u011bjak\u00fd kr\u00e1sn\u00fd kv\u011btin\u00e1\u010d. M\u016f\u017eete si p\u0159es l\u00e9to do n\u011bj vysadit n\u011bjak\u00e9&hellip;","datePublished":"2023-10-13","dateModified":"2024-05-20","author":{"@type":"Person","@id":"https:\/\/www.zemzah.cz\/author\/devene\/#Person","name":"devene","url":"https:\/\/www.zemzah.cz\/author\/devene\/","identifier":1,"image":{"@type":"ImageObject","@id":"https:\/\/secure.gravatar.com\/avatar\/e0a4ee3123bc6cda06472cb29cefd2abfa18c894e6c63b3d8bc84df8da10f637?s=96&d=mm&r=g","url":"https:\/\/secure.gravatar.com\/avatar\/e0a4ee3123bc6cda06472cb29cefd2abfa18c894e6c63b3d8bc84df8da10f637?s=96&d=mm&r=g","height":96,"width":96}},"publisher":{"@type":"Organization","name":"zemzah.cz","logo":{"@type":"ImageObject","@id":"\/logo.png","url":"\/logo.png","width":600,"height":60}},"image":{"@type":"ImageObject","@id":"https:\/\/www.zemzah.cz\/wp-content\/uploads\/easter-4984863_1280.jpg","url":"https:\/\/www.zemzah.cz\/wp-content\/uploads\/easter-4984863_1280.jpg","height":0,"width":0},"url":"https:\/\/www.zemzah.cz\/at-ziji-dekorace\/","about":["Nakupov\u00e1n\u00ed"],"wordCount":422,"articleBody":"   Kdy\u017e m\u00e1te p\u011bkn\u011b ud\u011blanou terasu je a\u017e h\u0159\u00edch na n\u00ed nem\u00edt p\u0159es letn\u00ed dny n\u011bjak\u00fd kr\u00e1sn\u00fd kv\u011btin\u00e1\u010d. M\u016f\u017eete si p\u0159es l\u00e9to do n\u011bj vysadit n\u011bjak\u00e9 jednolet\u00e9 kvetouc\u00ed kv\u011btiny. Na ka\u017edou p\u0159\u00edle\u017eitost n\u011bco jin\u00e9ho. Nap\u0159\u00edklad kdy\u017e za\u010d\u00edn\u00e1, jako a bl\u00ed\u017e\u00ed se velikonoce, rozhodn\u011b se hod\u00ed n\u011bjak\u00e9 v\u011btvi\u010dky ko\u010di\u010dek s kvetouc\u00edmi krokusy, hyacinty, nebo narciskami, jsou to typick\u00e9 jarn\u00ed kv\u011btiny a u\u017e to jen m\u016f\u017eete dozdobit barevn\u00fdmi stu\u017eky a ru\u010dn\u011b malovan\u00fdmi kraslicemi. To je pak pastva pro o\u010di. Kdy\u017e to bude v p\u011bkn\u00e9m ratanov\u00e9m, plastov\u00e9m, hranat\u00e9m kv\u011btin\u00e1\u010di rozhodn\u011b nic nezkaz\u00edte. P\u0159es l\u00e9to si tam m\u016f\u017eete d\u00e1t n\u011bjak\u00e9 p\u011bkn\u00e9 kvetouc\u00ed okrasn\u00e9 kv\u011btiny, kter\u00e9 v\u00e1m zp\u0159\u00edjemn\u00ed den, poka\u017ed\u00e9 kdy se na n\u011b jen pod\u00edv\u00e1te. Na podzim m\u016f\u017eete zvolit n\u011bco jasn\u011b podzimn\u00edho nap\u0159\u00edklad du\u0161i\u010dkov\u00e9 kv\u00edt\u00ed, kter\u00e9 zna\u010d\u00ed \u0161patn\u00e9 po\u010das\u00ed a soucit s mrtv\u00fdmi, maj\u00ed drobn\u00e9 kv\u00edtky a tvo\u0159\u00ed kr\u00e1sn\u00e9 barevn\u00e9 koule. Ov\u0161em to nen\u00ed jedin\u00e9 kv\u00edt\u00ed, kter\u00e9 lze zvolit. M\u016f\u017eete se obr\u00e1tit na barevn\u00fd v\u0159es, kter\u00fd m\u00e1 tak\u00e9 sv\u00e9 kouzlo. Nebo se m\u016f\u017eete nechat inspirovat Amerikou, kde se v podzimn\u00edch dnech slav\u00ed halloween a nechat za\u010darovat d\u016fm do temnoty, pavu\u010diny a dal\u0161\u00edch stra\u0161ideln\u00fdch v\u011bc\u00ed.Kdo nen\u00ed na takov\u00e9 zdoben\u00ed a st\u00e1le m\u011bn\u011bn\u00ed v\u00fdzdoby m\u016f\u017ee zvolit jednoduchou variantu kr\u00e1sn\u00e9 vzrostl\u00e9 palmy, kterou budete m\u00edt p\u0159es letn\u00ed dny venku a bude se letnit a pak j\u00ed na podzim a zimu uschov\u00e1te v dom\u011b nap\u0159\u00edklad na zimn\u00ed terase, kde odpo\u010d\u00edv\u00e1 v\u011bt\u0161ina kv\u011btin. Spokoj\u00ed se i v domech, kde nen\u00ed p\u0159\u00edli\u0161 teplo. Nen\u00ed vhodn\u00e9 um\u00edstit palmu nap\u0159\u00edklad vedle krbov\u00fdch kamen, kter\u00fdmi pravideln\u011b top\u00edte. To by se j\u00ed asi p\u0159\u00edli\u0161 dob\u0159e neda\u0159ilo. Lep\u0161\u00ed bude chodba, kde je dostatek sv\u011btla, ale nen\u00ed tam takov\u00e9 teplo jako v ostatn\u00edch m\u00edstnostech. Tak co na to \u0159\u00edk\u00e1te, jak\u00fd typ \u010dlov\u011bka jste? Jste milovn\u00edk dekorac\u00ed, kter\u00fd si ka\u017edou chv\u00edli hrade a upravuje sv\u00e9 okol\u00ed, aby se v n\u011bm c\u00edtil dob\u0159e, nebo jste ten typ, kter\u00fd na to nem\u00e1 \u010das, ani ho to nebav\u00ed.                                                                                                                                                                                                                                                                                                                                                                                                  "},{"@context":"https:\/\/schema.org\/","@type":"BreadcrumbList","itemListElement":[{"@type":"ListItem","position":1,"name":"A\u0165 \u017eij\u00ed dekorace.","item":"https:\/\/www.zemzah.cz\/at-ziji-dekorace\/#breadcrumbitem"}]}]