[{"@context":"https:\/\/schema.org\/","@type":"Article","@id":"https:\/\/www.zemzah.cz\/chcete-se-take-koupat\/#Article","mainEntityOfPage":"https:\/\/www.zemzah.cz\/chcete-se-take-koupat\/","headline":"Chcete se tak\u00e9 koupat?","name":"Chcete se tak\u00e9 koupat?","description":"V tuto chv\u00edli to tak sice je\u0161t\u011b nevypad\u00e1, ale v\u011b\u0159te mi, \u017ee stejn\u011b jako ka\u017ed\u00fd rok p\u0159ijde l\u00e9to. A s n\u00edm i teploty, kter\u00e9 jsou&hellip;","datePublished":"2025-03-29","dateModified":"2025-03-29","author":{"@type":"Person","@id":"https:\/\/www.zemzah.cz\/author\/devene\/#Person","name":"devene","url":"https:\/\/www.zemzah.cz\/author\/devene\/","identifier":1,"image":{"@type":"ImageObject","@id":"https:\/\/secure.gravatar.com\/avatar\/e0a4ee3123bc6cda06472cb29cefd2abfa18c894e6c63b3d8bc84df8da10f637?s=96&d=mm&r=g","url":"https:\/\/secure.gravatar.com\/avatar\/e0a4ee3123bc6cda06472cb29cefd2abfa18c894e6c63b3d8bc84df8da10f637?s=96&d=mm&r=g","height":96,"width":96}},"publisher":{"@type":"Organization","name":"zemzah.cz","logo":{"@type":"ImageObject","@id":"\/logo.png","url":"\/logo.png","width":600,"height":60}},"image":{"@type":"ImageObject","@id":"https:\/\/www.zemzah.cz\/wp-content\/uploads\/bbbbbbbbbbbbbbb_8.jpg","url":"https:\/\/www.zemzah.cz\/wp-content\/uploads\/bbbbbbbbbbbbbbb_8.jpg","height":0,"width":0},"url":"https:\/\/www.zemzah.cz\/chcete-se-take-koupat\/","about":["Nakupov\u00e1n\u00ed"],"wordCount":442,"articleBody":"       V tuto chv\u00edli to tak sice je\u0161t\u011b nevypad\u00e1, ale v\u011b\u0159te mi, \u017ee stejn\u011b jako ka\u017ed\u00fd rok p\u0159ijde l\u00e9to. A s n\u00edm i teploty, kter\u00e9 jsou sice n\u011bkdy p\u0159\u00edjemn\u00e9, ale n\u011bkdy tak\u00e9 p\u0159ehnan\u011b vysok\u00e9. A a\u017e se tak stane, n\u011bkdy zatou\u017e\u00edme po koupeli a n\u011bkdy o n\u00ed budeme i zoufale sn\u00edt. Proto\u017ee kdy\u017e je horko, nen\u00ed n\u00e1m lidem dob\u0159e, a t\u00edm nejlep\u0161\u00edm zp\u016fsobem, jak se vedru br\u00e1nit, je pr\u00e1v\u011b osv\u011b\u017euj\u00edc\u00ed koupel.A\u017e ta doba nastane, ur\u010dit\u011b se podle zn\u00e1m\u00e9ho r\u010den\u00ed l\u00e9to zept\u00e1, co jsme d\u011blali v zim\u011b. A ti \u0161\u0165astn\u011bj\u0161\u00ed z n\u00e1s mu budou moci hrd\u011b odpov\u011bd\u011bt, \u017ee si po\u0159\u00eddili baz\u00e9n. Do kter\u00e9ho si vlezou, kdykoliv se jim jenom zachce, proto\u017ee si ho samoz\u0159ejm\u011b po\u0159\u00eddili sami pro sebe nebo nanejv\u00fd\u0161 pro hrstku lid\u00ed zvan\u00fdch a um\u00edstili si ho tak, aby ho m\u011bli co nejl\u00e9pe na dosah.A co ti ostatn\u00ed, ti, kdo si baz\u00e9n nepo\u0159\u00eddili? Ti se budou muset spokojit s ve\u0159ejn\u00fdmi koupali\u0161ti nebo n\u011bjakou tou p\u0159\u00edrodn\u00ed vodn\u00ed plochou nebo tokem. Kde m\u00edv\u00e1 ale situace v l\u00e9t\u011b daleko k dokonalosti. N\u011bkde nen\u00ed zrovna nej\u010dist\u0161\u00ed voda, n\u011bkde jsou spousty lid\u00ed, n\u011bkde je nepo\u0159\u00e1dek, hluk\u2026Zkr\u00e1tka a dob\u0159e mohou i ve\u0159ejn\u00e1 koupali\u0161t\u011b nebo p\u0159\u00edrodn\u00ed vodn\u00ed n\u00e1dr\u017ee splnit sv\u016fj \u00fa\u010del, ale vlastn\u00ed baz\u00e9ny jsou vlastn\u00ed baz\u00e9ny. Baz\u00e9ny, kter\u00e9 jsou jenom na\u0161e, jsou v\u017edycky ty nejlep\u0161\u00ed. M\u00e1me v nich \u010distou vodu a soukrom\u00ed, jsou n\u00e1m kdykoliv k dispozici, a v\u00edc si ani nem\u016f\u017eeme p\u0159\u00e1t.Ale vlastn\u00ed baz\u00e9n nez\u00edsk\u00e1me t\u00edm, \u017ee si ho budeme p\u0159\u00e1t. Mus\u00edme si ho nejd\u0159\u00edv n\u011bkde vybrat, koupit, zaplatit a nechat si ho nainstalovat na zvolen\u00e9 m\u00edsto. A a\u017e pak m\u00e1me v jeho podob\u011b nespornou v\u00fdhodu, kterou kdekdo jin\u00fd nem\u00e1. A tak byste nem\u011bli ot\u00e1let a m\u011bli byste si j\u00edt vyb\u00edrat. L\u00e9to se toti\u017e bl\u00ed\u017e\u00ed. A a\u017e tu bude, u\u017e byste m\u011bli m\u00edt sv\u016fj baz\u00e9n tak\u00e9. Ur\u010dit\u011b to nebude \u017e\u00e1dn\u00fd probl\u00e9m, proto\u017ee se d\u00e1 sehnat i zapu\u0161t\u011bn\u00fd baz\u00e9n levn\u011b. A skute\u010dn\u011b mi m\u016f\u017eete v\u011b\u0159it, \u017ee u\u017e zanedlouho budete r\u00e1di, \u017ee takov\u00fd baz\u00e9n m\u00e1te. Bude v\u00e1m v n\u011bm p\u0159\u00edjemn\u011bji ne\u017e venku.                                                                                                                                                                                                                                                                                                                                                                                                  "},{"@context":"https:\/\/schema.org\/","@type":"BreadcrumbList","itemListElement":[{"@type":"ListItem","position":1,"name":"Chcete se tak\u00e9 koupat?","item":"https:\/\/www.zemzah.cz\/chcete-se-take-koupat\/#breadcrumbitem"}]}]