[{"@context":"https:\/\/schema.org\/","@type":"Article","@id":"https:\/\/www.zemzah.cz\/politika-neni-duvod-k-pyse\/#Article","mainEntityOfPage":"https:\/\/www.zemzah.cz\/politika-neni-duvod-k-pyse\/","headline":"Politika nen\u00ed d\u016fvod k p\u00fd\u0161e","name":"Politika nen\u00ed d\u016fvod k p\u00fd\u0161e","description":"Za star\u00fdch \u010das\u016f bylo to, \u017ee se n\u011bkdo stal politikem, v\u011bc\u00ed presti\u017ee. Ten, kdo se dostal k\u00a0moci, byl ct\u011bn\u00fd a v\u00e1\u017een\u00fd, p\u0159edpokl\u00e1dalo se automaticky, \u017ee&hellip;","datePublished":"2022-03-11","dateModified":"2023-06-14","author":{"@type":"Person","@id":"https:\/\/www.zemzah.cz\/author\/devene\/#Person","name":"devene","url":"https:\/\/www.zemzah.cz\/author\/devene\/","identifier":1,"image":{"@type":"ImageObject","@id":"https:\/\/secure.gravatar.com\/avatar\/e0a4ee3123bc6cda06472cb29cefd2abfa18c894e6c63b3d8bc84df8da10f637?s=96&d=mm&r=g","url":"https:\/\/secure.gravatar.com\/avatar\/e0a4ee3123bc6cda06472cb29cefd2abfa18c894e6c63b3d8bc84df8da10f637?s=96&d=mm&r=g","height":96,"width":96}},"publisher":{"@type":"Organization","name":"zemzah.cz","logo":{"@type":"ImageObject","@id":"\/logo.png","url":"\/logo.png","width":600,"height":60}},"image":{"@type":"ImageObject","@id":"https:\/\/www.zemzah.cz\/wp-content\/uploads\/politika4_1.jpg","url":"https:\/\/www.zemzah.cz\/wp-content\/uploads\/politika4_1.jpg","height":0,"width":0},"url":"https:\/\/www.zemzah.cz\/politika-neni-duvod-k-pyse\/","about":["Politika"],"wordCount":442,"articleBody":"Za star\u00fdch \u010das\u016f bylo to, \u017ee se n\u011bkdo stal politikem, v\u011bc\u00ed presti\u017ee. Ten, kdo se dostal k\u00a0moci, byl ct\u011bn\u00fd a v\u00e1\u017een\u00fd, p\u0159edpokl\u00e1dalo se automaticky, \u017ee bude n\u011bkdo takov\u00fd d\u011blat v\u0161echno mo\u017en\u00e9 pro blaho svoj\u00ed zem\u011b. Traduje se to, ale j\u00e1 jsem to u\u017e bohu\u017eel neza\u017eila a nem\u016f\u017eu to teda ani posoudit, jestli to byla skute\u010dnost nebo jenom zbo\u017en\u00e9 p\u0159\u00e1n\u00ed d\u016fv\u011b\u0159iv\u00fdch oby\u010dejn\u00fdch lid\u00ed.Za minul\u00e9ho re\u017eimu, kter\u00fd u\u017e jsme za\u017eila, bylo ale v\u0161echno docela jin\u00e9. To u\u017e nebyli politici ctihodn\u00ed lidi a politika byla jenom mocensk\u00fd boj o koryta pln\u00fd intrik. Kdo cht\u011bl k\u00a0moci, vstoupil do jedin\u00e9 povolen\u00e9 vl\u00e1dnouc\u00ed strany, a kdy\u017e pak lezl do t\u011bch spr\u00e1vn\u00fdch zadk\u016f, m\u011bl nad\u011bji, \u017ee si ho ti naho\u0159e v\u0161imnou a povolaj\u00ed ho v\u00fd\u0161. A pak t\u0159eba je\u0161t\u011b v\u00fd\u0161, pokud tenhle \u010dlov\u011bk n\u011bjak nechybuje, pokud nebude m\u00edt takzvan\u00e9 nespr\u00e1vn\u00e9 n\u00e1zory nebo na n\u011bm neulp\u00ed n\u011bjak\u00fd k\u00e1drov\u00fd \u0161kraloup. To pak toti\u017e n\u011bkdo takov\u00fd skon\u010dil nam\u00edsto u koryta u lopaty. A naho\u0159e p\u0159esto byli ti, na kter\u00e9 jsme nemohli b\u00fdt hrd\u00ed, tam byli jenom ti, kdo se dok\u00e1zali vet\u0159\u00edt do p\u0159\u00edzn\u011b Moskvy.A ani s\u00a0p\u00e1dem socialismu jsme si nepolep\u0161ili. N\u011bjakou dobu jsme byli nad\u0161en\u00ed, ale pak obvykle p\u0159i\u0161lo zklam\u00e1n\u00ed, nov\u00e9 nad\u011bje st\u0159\u00eddala nov\u00e1 zklam\u00e1n\u00ed a nakonec je tu politika, u kter\u00e9 snad ani \u017e\u00e1dn\u00e9 nad\u011bje nem\u00e1me. Spousta z\u00a0n\u00e1s u\u017e dnes nevol\u00ed. Nem\u00e1 si pr\u00fd z\u00a0koho vybrat, je to v\u0161echno jedna pak\u00e1\u017e. A spousta z\u00a0n\u00e1s n\u011bkoho vol\u00ed, ale to bu\u010f na protest nebo jako nejmen\u0161\u00ed zlo. U\u017e se net\u011b\u0161\u00edme na to, co pro n\u00e1s politici ud\u011blaj\u00ed, sp\u00ed\u0161 se jenom boj\u00edme toho, co ti nov\u00ed pokaz\u00ed a kolik toho rozkradou, ne\u017e je sesad\u00ed.Nel\u00edb\u00ed se v\u00e1m tyhle \u0159\u00e1dky? Ani se v\u00e1m nediv\u00edm. Ale mus\u00edme si \u0159\u00edkat pravdu do o\u010d\u00ed a ne mazat med kolem \u00fast. Pravda je zkr\u00e1tka takov\u00e1. A zd\u00e1 se, \u017ee ani nikdy nebude jin\u00e1. Dokud budeme my lidi takov\u00ed, jac\u00ed jsme. Dokud nebudeme skute\u010dn\u011b \u0161lapat politik\u016fm na paty a ze v\u0161ech sil je kontrolovat. Ale to je zd\u00e1nliv\u011b nere\u00e1ln\u00e9. Zapom\u00edn\u00e1me na to toti\u017e \u010dasto, jakmile dostaneme od st\u00e1tu n\u011bjakou tu korunu na p\u0159ilep\u0161enou. Tak\u017ee nejsme lep\u0161\u00ed ne\u017e ti politici.                                                                                                                                                                                                                                                                                                                                                                                                "},{"@context":"https:\/\/schema.org\/","@type":"BreadcrumbList","itemListElement":[{"@type":"ListItem","position":1,"name":"Politika nen\u00ed d\u016fvod k p\u00fd\u0161e","item":"https:\/\/www.zemzah.cz\/politika-neni-duvod-k-pyse\/#breadcrumbitem"}]}]