[{"@context":"https:\/\/schema.org\/","@type":"Article","@id":"https:\/\/www.zemzah.cz\/vyrabime-i-atypicky-nabytek\/#Article","mainEntityOfPage":"https:\/\/www.zemzah.cz\/vyrabime-i-atypicky-nabytek\/","headline":"Vyr\u00e1b\u00edme i atypick\u00fd n\u00e1bytek","name":"Vyr\u00e1b\u00edme i atypick\u00fd n\u00e1bytek","description":"N\u00e1bytek z masivu velmi dob\u0159e a efektn\u011b slad\u00edte se st\u00e1vaj\u00edc\u00edm interi\u00e9rem a pop\u0159\u00edpad\u011b i jeho barvami. Je to velk\u00e1 v\u00fdhoda d\u0159eva je velmi tv\u00e1rn\u00e9 a&hellip;","datePublished":"2025-04-10","dateModified":"2025-04-10","author":{"@type":"Person","@id":"https:\/\/www.zemzah.cz\/author\/devene\/#Person","name":"devene","url":"https:\/\/www.zemzah.cz\/author\/devene\/","identifier":1,"image":{"@type":"ImageObject","@id":"https:\/\/secure.gravatar.com\/avatar\/e0a4ee3123bc6cda06472cb29cefd2abfa18c894e6c63b3d8bc84df8da10f637?s=96&d=mm&r=g","url":"https:\/\/secure.gravatar.com\/avatar\/e0a4ee3123bc6cda06472cb29cefd2abfa18c894e6c63b3d8bc84df8da10f637?s=96&d=mm&r=g","height":96,"width":96}},"publisher":{"@type":"Organization","name":"zemzah.cz","logo":{"@type":"ImageObject","@id":"\/logo.png","url":"\/logo.png","width":600,"height":60}},"url":"https:\/\/www.zemzah.cz\/vyrabime-i-atypicky-nabytek\/","wordCount":132,"articleBody":"N\u00e1bytek z masivu velmi dob\u0159e a efektn\u011b slad\u00edte se st\u00e1vaj\u00edc\u00edm interi\u00e9rem a pop\u0159\u00edpad\u011b i jeho barvami. Je to velk\u00e1 v\u00fdhoda d\u0159eva je velmi tv\u00e1rn\u00e9 a rozmanit\u00e9. Na\u0161e firma N\u00e1bytek ze d\u0159eva v\u00e1m r\u00e1da vyhotov\u00ed n\u00e1vrh a ud\u011bl\u00e1 cenovou nab\u00eddku. Sta\u010d\u00ed n\u00e1s jen kontaktovat. Do ka\u017ed\u00e9ho prost\u0159ed\u00ed N\u00e1bytek z masivu se hod\u00ed do ka\u017ed\u00e9ho prost\u0159ed\u00ed. Je samoz\u0159ejm\u00e9, \u017ee si zvol\u00edte jin\u00fd styl n\u00e1bytku z masivu do sv\u00e9 chaty nebo chalupy a jin\u00fd do modern\u00edho bytu. Jedno je jist\u00e9 a to \u017ee n\u00e1bytek v\u00e1m v\u017edy ud\u011bl\u00e1 par\u00e1du. Budeme r\u00e1di, kdy\u017e si k tomuto vyberete na\u0161i firmu.                                                                                                                                                                                                                                                                                                                                                                                                "},{"@context":"https:\/\/schema.org\/","@type":"BreadcrumbList","itemListElement":[{"@type":"ListItem","position":1,"name":"Vyr\u00e1b\u00edme i atypick\u00fd n\u00e1bytek","item":"https:\/\/www.zemzah.cz\/vyrabime-i-atypicky-nabytek\/#breadcrumbitem"}]}]